{"id":155,"date":"2013-11-01T14:12:25","date_gmt":"2013-11-01T13:12:25","guid":{"rendered":"http:\/\/v2.femmesdexpression06.fr\/?p=155"},"modified":"2014-07-12T14:13:24","modified_gmt":"2014-07-12T13:13:24","slug":"un-toit-pour-les-abeilles-novembre-2013","status":"publish","type":"post","link":"https:\/\/femmesdexpression06.fr\/index.php\/2013\/11\/01\/un-toit-pour-les-abeilles-novembre-2013\/","title":{"rendered":"Un toit pour les abeilles&#8230; Novembre 2013"},"content":{"rendered":"<p><span style=\"color: #404040;\">Le mois de novembre sonne en g\u00e9n\u00e9ral l\u2019arriv\u00e9e des premi\u00e8res gel\u00e9es. La colonie rentre dans sa p\u00e9riode d&#8217;inactivit\u00e9 (hivernage) : les abeilles se tiennent serr\u00e9es les unes contre les autres pour former une grappe et se tenir chaud. Il n\u2019y a quasiment plus aucune floraisons en dehors de la bruy\u00e8re d\u2019hiver ou des arbousiers sur certaines zones.<\/span><br style=\"color: #404040;\" \/><br style=\"color: #404040;\" \/><span style=\"color: #404040;\">Durant cette p\u00e9riode les interventions de l&#8217;apiculteur sur les ruches son limit\u00e9es : il peut alors se consacrer \u00e0 la commercialisation de son miel ainsi qu&#8217;\u00e0 l\u2019entretien du mat\u00e9riel. C\u2019est aussi l\u2019occasion de d\u00e9broussailler les ruchers ou de pr\u00e9parer de nouveaux emplacements pour l\u2019ann\u00e9e \u00e0 venir. A cette p\u00e9riode il peut \u00eatre dangereux pour les abeilles d\u2019ouvrir la ruche car la colonie pourrait se refroidir tr\u00e8s vite. Dans le cas d\u2019une intervention obligatoire, il faudra choisir une journ\u00e9e sans vent ou la temp\u00e9rature d\u00e9passe les 15\u00b0 C et intervenir de pr\u00e9f\u00e9rence en pleine apr\u00e8s-midi et tr\u00e8s bri\u00e8vement.<\/span><br style=\"color: #404040;\" \/><br style=\"color: #404040;\" \/><span style=\"color: #404040;\">Lorsque la temp\u00e9rature est trop basse, les abeilles, engourdies, ne peuvent plus se d\u00e9fendre. L\u2019id\u00e9al est de placer des grilles \u00e0 l\u2019entr\u00e9e des ruches pour emp\u00eacher les rongeurs d\u2019y p\u00e9n\u00e9trer. En novembre les frelons asiatiques sont aussi encore tr\u00e8s actifs et peuvent rentrer dans les ruches ce qui signifie en g\u00e9n\u00e9ral la fin de la colonie. Des grilles sp\u00e9ciales trop \u00e9troites pour le frelon lui bloqueront l\u2019entr\u00e9e.<\/span><br style=\"color: #404040;\" \/><br style=\"color: #404040;\" \/><span style=\"color: #404040;\">L\u2019activit\u00e9 sur la planche d\u2019envol est tr\u00e8s limit\u00e9e : certaines optimistes partent \u00e0 la recherche d\u2019un peu de nectar, de pollen ou d\u2019eau pour la colonie, mais il y a tr\u00e8s peu d\u2019activit\u00e9. Il est aussi grand temps de placer une pierre sur le toit afin d\u2019\u00e9viter qu\u2019une bourrasque de vent ne l\u2019emporte.\u00a0<\/span><a href=\"http:\/\/www.untoitpourlesabeilles.fr\/467_femmes_d_expression_06_sauvegarde-abeille.php\" target=\"new\">Plus d&#8217;informations.<\/a><\/p>\n","protected":false},"excerpt":{"rendered":"<p>Le mois de novembre sonne en g\u00e9n\u00e9ral l\u2019arriv\u00e9e des premi\u00e8res gel\u00e9es. La colonie rentre dans sa p\u00e9riode d&#8217;inactivit\u00e9 (hivernage) : les abeilles se tiennent serr\u00e9es les unes contre les autres pour former une grappe et se tenir chaud. Il n\u2019y a quasiment plus aucune floraisons en dehors de la bruy\u00e8re d\u2019hiver ou des arbousiers sur [&hellip;]<\/p>\n","protected":false},"author":2,"featured_media":0,"comment_status":"closed","ping_status":"open","sticky":false,"template":"","format":"standard","meta":{"footnotes":""},"categories":[],"tags":[],"class_list":["post-155","post","type-post","status-publish","format-standard","hentry"],"_links":{"self":[{"href":"https:\/\/femmesdexpression06.fr\/index.php\/wp-json\/wp\/v2\/posts\/155","targetHints":{"allow":["GET"]}}],"collection":[{"href":"https:\/\/femmesdexpression06.fr\/index.php\/wp-json\/wp\/v2\/posts"}],"about":[{"href":"https:\/\/femmesdexpression06.fr\/index.php\/wp-json\/wp\/v2\/types\/post"}],"author":[{"embeddable":true,"href":"https:\/\/femmesdexpression06.fr\/index.php\/wp-json\/wp\/v2\/users\/2"}],"replies":[{"embeddable":true,"href":"https:\/\/femmesdexpression06.fr\/index.php\/wp-json\/wp\/v2\/comments?post=155"}],"version-history":[{"count":1,"href":"https:\/\/femmesdexpression06.fr\/index.php\/wp-json\/wp\/v2\/posts\/155\/revisions"}],"predecessor-version":[{"id":156,"href":"https:\/\/femmesdexpression06.fr\/index.php\/wp-json\/wp\/v2\/posts\/155\/revisions\/156"}],"wp:attachment":[{"href":"https:\/\/femmesdexpression06.fr\/index.php\/wp-json\/wp\/v2\/media?parent=155"}],"wp:term":[{"taxonomy":"category","embeddable":true,"href":"https:\/\/femmesdexpression06.fr\/index.php\/wp-json\/wp\/v2\/categories?post=155"},{"taxonomy":"post_tag","embeddable":true,"href":"https:\/\/femmesdexpression06.fr\/index.php\/wp-json\/wp\/v2\/tags?post=155"}],"curies":[{"name":"wp","href":"https:\/\/api.w.org\/{rel}","templated":true}]}}