{"id":232,"date":"2012-03-30T16:33:55","date_gmt":"2012-03-30T15:33:55","guid":{"rendered":"http:\/\/v2.femmesdexpression06.fr\/?p=232"},"modified":"2014-07-12T16:38:55","modified_gmt":"2014-07-12T15:38:55","slug":"les-femmes-artistes-a-lhonneur","status":"publish","type":"post","link":"https:\/\/femmesdexpression06.fr\/index.php\/2012\/03\/30\/les-femmes-artistes-a-lhonneur\/","title":{"rendered":"Les Femmes Artistes \u00e0 l&#8217;honneur&#8230;"},"content":{"rendered":"<blockquote><p>Le Museeav a organis\u00e9 un ensemble d&#8217;\u00e9v\u00e9nements autour de la th\u00e9matique de la Journ\u00e9e de la Femme, du 15 au 30 mars 2012<\/p><\/blockquote>\n<p>Pour cl\u00f4turer cette programmation rendant hommage aux femmes artistes, l&#8217;association &#8220;Femmes d&#8217;Expression 06&#8221; pr\u00e9sente une performance du sculpteur Suzan L. articul\u00e9e autour d&#8217;un mythe fondateur de l&#8217;humanit\u00e9, celui du &#8220;P\u00e9ch\u00e9 Originel&#8221;.<\/p>\n<p>C&#8217;est une r\u00e9flexion sur Eve, Adam, le serpent, la pomme et l&#8217;imputation du p\u00e9ch\u00e9 originel \u00e0 Eve.<\/p>\n<div id='gallery-1' class='gallery galleryid-232 gallery-columns-3 gallery-size-thumbnail'><figure class='gallery-item'>\n\t\t\t<div class='gallery-icon '>\n\t\t\t\t<a href='https:\/\/v2.femmesdexpression06.fr\/wp-content\/uploads\/2014\/07\/P\u00eache-Originel-Museaav.jpg'>Photo pleine page<\/a>\n\t\t\t<\/div><\/figure><figure class='gallery-item'>\n\t\t\t<div class='gallery-icon '>\n\t\t\t\t<a href='https:\/\/v2.femmesdexpression06.fr\/wp-content\/uploads\/2014\/07\/MUSEAV.jpg'>MUSEAV<\/a>\n\t\t\t<\/div><\/figure>\n\t\t<\/div>\n\n","protected":false},"excerpt":{"rendered":"<p>Le Museeav a organis\u00e9 un ensemble d&#8217;\u00e9v\u00e9nements autour de la th\u00e9matique de la Journ\u00e9e de la Femme, du 15 au 30 mars 2012 Pour cl\u00f4turer cette programmation rendant hommage aux femmes artistes, l&#8217;association &#8220;Femmes d&#8217;Expression 06&#8221; pr\u00e9sente une performance du sculpteur Suzan L. articul\u00e9e autour d&#8217;un mythe fondateur de l&#8217;humanit\u00e9, celui du &#8220;P\u00e9ch\u00e9 Originel&#8221;. C&#8217;est [&hellip;]<\/p>\n","protected":false},"author":2,"featured_media":0,"comment_status":"closed","ping_status":"open","sticky":false,"template":"","format":"standard","meta":{"footnotes":""},"categories":[],"tags":[],"class_list":["post-232","post","type-post","status-publish","format-standard","hentry"],"_links":{"self":[{"href":"https:\/\/femmesdexpression06.fr\/index.php\/wp-json\/wp\/v2\/posts\/232","targetHints":{"allow":["GET"]}}],"collection":[{"href":"https:\/\/femmesdexpression06.fr\/index.php\/wp-json\/wp\/v2\/posts"}],"about":[{"href":"https:\/\/femmesdexpression06.fr\/index.php\/wp-json\/wp\/v2\/types\/post"}],"author":[{"embeddable":true,"href":"https:\/\/femmesdexpression06.fr\/index.php\/wp-json\/wp\/v2\/users\/2"}],"replies":[{"embeddable":true,"href":"https:\/\/femmesdexpression06.fr\/index.php\/wp-json\/wp\/v2\/comments?post=232"}],"version-history":[{"count":1,"href":"https:\/\/femmesdexpression06.fr\/index.php\/wp-json\/wp\/v2\/posts\/232\/revisions"}],"predecessor-version":[{"id":235,"href":"https:\/\/femmesdexpression06.fr\/index.php\/wp-json\/wp\/v2\/posts\/232\/revisions\/235"}],"wp:attachment":[{"href":"https:\/\/femmesdexpression06.fr\/index.php\/wp-json\/wp\/v2\/media?parent=232"}],"wp:term":[{"taxonomy":"category","embeddable":true,"href":"https:\/\/femmesdexpression06.fr\/index.php\/wp-json\/wp\/v2\/categories?post=232"},{"taxonomy":"post_tag","embeddable":true,"href":"https:\/\/femmesdexpression06.fr\/index.php\/wp-json\/wp\/v2\/tags?post=232"}],"curies":[{"name":"wp","href":"https:\/\/api.w.org\/{rel}","templated":true}]}}