{"id":260,"date":"2014-06-11T17:26:09","date_gmt":"2014-06-11T16:26:09","guid":{"rendered":"http:\/\/v2.femmesdexpression06.fr\/?p=260"},"modified":"2014-07-19T17:46:31","modified_gmt":"2014-07-19T16:46:31","slug":"assemblee-generale-juin-2014","status":"publish","type":"post","link":"https:\/\/femmesdexpression06.fr\/index.php\/2014\/06\/11\/assemblee-generale-juin-2014\/","title":{"rendered":"Assembl\u00e9e G\u00e9n\u00e9rale Juin 2014"},"content":{"rendered":"<p>Cette Assembl\u00e9e G\u00e9n\u00e9rale a permis \u00e0 notre pr\u00e9sidente de rappeler les objectifs de l&#8217;association qui se mobilise autour de projets de femmes en leur apportant si n\u00e9cessaire une aide financi\u00e8re et de faire le point sur les projets d\u00e9j\u00e0 financ\u00e9s.<\/p>\n<p>Une beau moment de convivialit\u00e9 et d&#8217;\u00e9changes ponctu\u00e9 par une conf\u00e9rence fort int\u00e9ressante sur Napol\u00e9on et&#8230;.les femmes.<\/p>\n<blockquote><p>\u00ab\u00a0Merci \u00e0 Ma\u00eetre Marie France Pisella pour sa brillante causerie sur les Femmes de Napol\u00e9on. De beaux projets en perspective pour notre association .\u00a0\u00bb A. Alziari-Negre<\/p><\/blockquote>\n<div id='gallery-1' class='gallery galleryid-260 gallery-columns-3 gallery-size-thumbnail'><figure class='gallery-item'>\n\t\t\t<div class='gallery-icon '>\n\t\t\t\t<a href='https:\/\/v2.femmesdexpression06.fr\/wp-content\/uploads\/2014\/07\/10447091_10152438637240236_3019687307711898609_n.jpg'>10447091_10152438637240236_3019687307711898609_n<\/a>\n\t\t\t<\/div><\/figure><figure class='gallery-item'>\n\t\t\t<div class='gallery-icon '>\n\t\t\t\t<a href='https:\/\/v2.femmesdexpression06.fr\/wp-content\/uploads\/2014\/07\/P1000565.jpg'>P1000565<\/a>\n\t\t\t<\/div><\/figure><figure class='gallery-item'>\n\t\t\t<div class='gallery-icon '>\n\t\t\t\t<a href='https:\/\/v2.femmesdexpression06.fr\/wp-content\/uploads\/2014\/07\/P1000569.jpg'>P1000569<\/a>\n\t\t\t<\/div>\n\t\t\t\t<figcaption class='wp-caption-text gallery-caption' id='gallery-1-264'>\n\t\t\t\tMa\u00eetre Marie-France Pisella\n\t\t\t\t<\/figcaption><\/figure><figure class='gallery-item'>\n\t\t\t<div class='gallery-icon '>\n\t\t\t\t<a href='https:\/\/v2.femmesdexpression06.fr\/wp-content\/uploads\/2014\/07\/P1000566.jpg'>P1000566<\/a>\n\t\t\t<\/div><\/figure><figure class='gallery-item'>\n\t\t\t<div class='gallery-icon '>\n\t\t\t\t<a href='https:\/\/v2.femmesdexpression06.fr\/wp-content\/uploads\/2014\/06\/photo-1.jpg'>photo (1)<\/a>\n\t\t\t<\/div><\/figure><figure class='gallery-item'>\n\t\t\t<div class='gallery-icon '>\n\t\t\t\t<a href='https:\/\/v2.femmesdexpression06.fr\/wp-content\/uploads\/2014\/06\/photo-2.jpg'>photo (2)<\/a>\n\t\t\t<\/div><\/figure><figure class='gallery-item'>\n\t\t\t<div class='gallery-icon '>\n\t\t\t\t<a href='https:\/\/v2.femmesdexpression06.fr\/wp-content\/uploads\/2014\/06\/photo-3.jpg'>photo (3)<\/a>\n\t\t\t<\/div><\/figure><figure class='gallery-item'>\n\t\t\t<div class='gallery-icon '>\n\t\t\t\t<a href='https:\/\/v2.femmesdexpression06.fr\/wp-content\/uploads\/2014\/06\/photo-4.jpg'>photo (4)<\/a>\n\t\t\t<\/div><\/figure><figure class='gallery-item'>\n\t\t\t<div class='gallery-icon '>\n\t\t\t\t<a href='https:\/\/v2.femmesdexpression06.fr\/wp-content\/uploads\/2014\/06\/photo-5.jpg'>photo (5)<\/a>\n\t\t\t<\/div><\/figure><figure class='gallery-item'>\n\t\t\t<div class='gallery-icon '>\n\t\t\t\t<a href='https:\/\/v2.femmesdexpression06.fr\/wp-content\/uploads\/2014\/06\/photo-6.jpg'>photo (6)<\/a>\n\t\t\t<\/div><\/figure><figure class='gallery-item'>\n\t\t\t<div class='gallery-icon '>\n\t\t\t\t<a href='https:\/\/v2.femmesdexpression06.fr\/wp-content\/uploads\/2014\/06\/photo-7.jpg'>photo (7)<\/a>\n\t\t\t<\/div><\/figure><figure class='gallery-item'>\n\t\t\t<div class='gallery-icon '>\n\t\t\t\t<a href='https:\/\/v2.femmesdexpression06.fr\/wp-content\/uploads\/2014\/06\/photo.jpg'>photo<\/a>\n\t\t\t<\/div><\/figure>\n\t\t<\/div>\n\n","protected":false},"excerpt":{"rendered":"<p>Cette Assembl\u00e9e G\u00e9n\u00e9rale a permis \u00e0 notre pr\u00e9sidente de rappeler les objectifs de l&#8217;association qui se mobilise autour de projets de femmes en leur apportant si n\u00e9cessaire une aide financi\u00e8re et de faire le point sur les projets d\u00e9j\u00e0 financ\u00e9s. Une beau moment de convivialit\u00e9 et d&#8217;\u00e9changes ponctu\u00e9 par une conf\u00e9rence fort int\u00e9ressante sur Napol\u00e9on [&hellip;]<\/p>\n","protected":false},"author":2,"featured_media":0,"comment_status":"closed","ping_status":"open","sticky":false,"template":"","format":"standard","meta":{"footnotes":""},"categories":[],"tags":[],"class_list":["post-260","post","type-post","status-publish","format-standard","hentry"],"_links":{"self":[{"href":"https:\/\/femmesdexpression06.fr\/index.php\/wp-json\/wp\/v2\/posts\/260","targetHints":{"allow":["GET"]}}],"collection":[{"href":"https:\/\/femmesdexpression06.fr\/index.php\/wp-json\/wp\/v2\/posts"}],"about":[{"href":"https:\/\/femmesdexpression06.fr\/index.php\/wp-json\/wp\/v2\/types\/post"}],"author":[{"embeddable":true,"href":"https:\/\/femmesdexpression06.fr\/index.php\/wp-json\/wp\/v2\/users\/2"}],"replies":[{"embeddable":true,"href":"https:\/\/femmesdexpression06.fr\/index.php\/wp-json\/wp\/v2\/comments?post=260"}],"version-history":[{"count":4,"href":"https:\/\/femmesdexpression06.fr\/index.php\/wp-json\/wp\/v2\/posts\/260\/revisions"}],"predecessor-version":[{"id":378,"href":"https:\/\/femmesdexpression06.fr\/index.php\/wp-json\/wp\/v2\/posts\/260\/revisions\/378"}],"wp:attachment":[{"href":"https:\/\/femmesdexpression06.fr\/index.php\/wp-json\/wp\/v2\/media?parent=260"}],"wp:term":[{"taxonomy":"category","embeddable":true,"href":"https:\/\/femmesdexpression06.fr\/index.php\/wp-json\/wp\/v2\/categories?post=260"},{"taxonomy":"post_tag","embeddable":true,"href":"https:\/\/femmesdexpression06.fr\/index.php\/wp-json\/wp\/v2\/tags?post=260"}],"curies":[{"name":"wp","href":"https:\/\/api.w.org\/{rel}","templated":true}]}}