{"id":411,"date":"2014-10-30T21:01:40","date_gmt":"2014-10-30T20:01:40","guid":{"rendered":"http:\/\/v2.femmesdexpression06.fr\/?p=411"},"modified":"2014-11-09T21:07:26","modified_gmt":"2014-11-09T20:07:26","slug":"rencontre-dedicace-avec-notre-adherente-claudie-gardon","status":"publish","type":"post","link":"https:\/\/femmesdexpression06.fr\/index.php\/2014\/10\/30\/rencontre-dedicace-avec-notre-adherente-claudie-gardon\/","title":{"rendered":"Rencontre d\u00e9dicace avec notre adh\u00e9rente Claudie Gardon"},"content":{"rendered":"<p><span style=\"color: #141823;\">Aujourd&#8217;hui nous \u00e9tions \u00e0 la biblioth\u00e8que Nucera , dans<span class=\"apple-converted-space\">\u00a0<\/span>l &#8216;auditorium Albert Camus.<\/span><\/p>\n<p><span style=\"color: #141823;\"> Une de nos adh\u00e9rentes, <strong>Claudie Gardon<\/strong> pr\u00e9sentait son livre<strong> &#8220;De la poudre aux moineaux&#8221;<\/strong> li\u00e9 \u00e0 la guerre 14-18.<\/span><\/p>\n<p><span style=\"color: #141823;\">Le h\u00e9ros est un Ni\u00e7ois qui a r\u00e9ellement v\u00e9cu et dont l&#8217;\u00e9crivaine a retrouv\u00e9 la correspondance.<\/span><\/p>\n<p><span style=\"color: #141823;\"><br \/>\n<span class=\"textexposedshow\">Tr\u00e8s belle pr\u00e9sentation suivie d\u2019une d\u00e9dicace.<\/span><br \/>\n<strong><span class=\"textexposedshow\">Bravo \u00e0 Claudie et \u00e0 sa<\/span> <span class=\"textexposedshow\">co- \u00e9crivaine Eva Sautel<\/span><\/strong><\/span><\/p>\n<blockquote><p><span style=\"color: #141823;\">Int\u00e9ressante pr\u00e9sentation de cette famille ni\u00e7oise que Claudie Gardon nous a permis de d\u00e9couvrir. \u00a0<a href=\"https:\/\/www.facebook.com\/andree.alziarinegre?fref=ufi\"><strong>Andr\u00e9e Alziari Negre<\/strong><\/a><\/span><\/p>\n<p>&nbsp;<\/p>\n<div id='gallery-1' class='gallery galleryid-411 gallery-columns-3 gallery-size-thumbnail'><figure class='gallery-item'>\n\t\t\t<div class='gallery-icon '>\n\t\t\t\t<a href='https:\/\/v2.femmesdexpression06.fr\/wp-content\/uploads\/2014\/11\/10440815_10152753535610236_7948396251017277224_n.jpg'>10440815_10152753535610236_7948396251017277224_n<\/a>\n\t\t\t<\/div><\/figure><figure class='gallery-item'>\n\t\t\t<div class='gallery-icon '>\n\t\t\t\t<a href='https:\/\/v2.femmesdexpression06.fr\/wp-content\/uploads\/2014\/11\/10401868_10152753535765236_1916777043067149805_n.jpg'>10401868_10152753535765236_1916777043067149805_n<\/a>\n\t\t\t<\/div><\/figure>\n\t\t<\/div>\n<\/blockquote>\n","protected":false},"excerpt":{"rendered":"<p>Aujourd&#8217;hui nous \u00e9tions \u00e0 la biblioth\u00e8que Nucera , dans\u00a0l &#8216;auditorium Albert Camus. Une de nos adh\u00e9rentes, Claudie Gardon pr\u00e9sentait son livre &#8220;De la poudre aux moineaux&#8221; li\u00e9 \u00e0 la guerre 14-18. Le h\u00e9ros est un Ni\u00e7ois qui a r\u00e9ellement v\u00e9cu et dont l&#8217;\u00e9crivaine a retrouv\u00e9 la correspondance. Tr\u00e8s belle pr\u00e9sentation suivie d\u2019une d\u00e9dicace. Bravo \u00e0 [&hellip;]<\/p>\n","protected":false},"author":2,"featured_media":0,"comment_status":"closed","ping_status":"open","sticky":false,"template":"","format":"standard","meta":{"footnotes":""},"categories":[],"tags":[],"class_list":["post-411","post","type-post","status-publish","format-standard","hentry"],"_links":{"self":[{"href":"https:\/\/femmesdexpression06.fr\/index.php\/wp-json\/wp\/v2\/posts\/411","targetHints":{"allow":["GET"]}}],"collection":[{"href":"https:\/\/femmesdexpression06.fr\/index.php\/wp-json\/wp\/v2\/posts"}],"about":[{"href":"https:\/\/femmesdexpression06.fr\/index.php\/wp-json\/wp\/v2\/types\/post"}],"author":[{"embeddable":true,"href":"https:\/\/femmesdexpression06.fr\/index.php\/wp-json\/wp\/v2\/users\/2"}],"replies":[{"embeddable":true,"href":"https:\/\/femmesdexpression06.fr\/index.php\/wp-json\/wp\/v2\/comments?post=411"}],"version-history":[{"count":1,"href":"https:\/\/femmesdexpression06.fr\/index.php\/wp-json\/wp\/v2\/posts\/411\/revisions"}],"predecessor-version":[{"id":414,"href":"https:\/\/femmesdexpression06.fr\/index.php\/wp-json\/wp\/v2\/posts\/411\/revisions\/414"}],"wp:attachment":[{"href":"https:\/\/femmesdexpression06.fr\/index.php\/wp-json\/wp\/v2\/media?parent=411"}],"wp:term":[{"taxonomy":"category","embeddable":true,"href":"https:\/\/femmesdexpression06.fr\/index.php\/wp-json\/wp\/v2\/categories?post=411"},{"taxonomy":"post_tag","embeddable":true,"href":"https:\/\/femmesdexpression06.fr\/index.php\/wp-json\/wp\/v2\/tags?post=411"}],"curies":[{"name":"wp","href":"https:\/\/api.w.org\/{rel}","templated":true}]}}