{"id":425,"date":"2014-11-18T21:45:59","date_gmt":"2014-11-18T20:45:59","guid":{"rendered":"http:\/\/www.femmesdexpression06.fr\/?p=425"},"modified":"2014-11-25T21:52:34","modified_gmt":"2014-11-25T20:52:34","slug":"le-miel-de-nos-abeilles-novembre-2014","status":"publish","type":"post","link":"https:\/\/femmesdexpression06.fr\/index.php\/2014\/11\/18\/le-miel-de-nos-abeilles-novembre-2014\/","title":{"rendered":"Le Miel de nos Abeilles&#8230; Novembre 2014"},"content":{"rendered":"<p><strong>Mardi 18 Novembre nous nous sommes r\u00e9unis pour partager le miel de nos abeilles.<\/strong><\/p>\n<p>Un beau moment au profit de nos actions !<\/p>\n<p>Notre pr\u00e9sidente Andr\u00e9e Alziari Negre\u00a0a pr\u00e9sent\u00e9 les nouvelles adh\u00e9rentes, a fait le point sur les actions pass\u00e9es et futures, sur les \u00e9v\u00e8nements \u00e0 venir.<br \/>\nUn moment riche en \u00e9changes autour d&#8217;un sympathique buffet.<br \/>\nNous remercions la soci\u00e9t\u00e9 Param\u00e9dical 06 qui, par l&#8217;interm\u00e9diaire de <strong>Val\u00e9rie Baert<\/strong> de la Pharmacie du Pin \u00e0 Nice, nous a offert la ruche cette ann\u00e9e.<br \/>\nNous remercions \u00e9galement <strong>Sylvette<\/strong> pour son accueil \u00e0 <strong>l\u2019atelier 17<\/strong> , 17 rue des Ponchettes \u00e0 Nice et tous ceux et celles qui ont particip\u00e9 \u00e0 la r\u00e9ussite de cette soir\u00e9e.<\/p>\n<blockquote><p>P. LE BOETTE-NALLINO &#8211; Secr\u00e9taire Adjointe de l\u2019Association<\/p>\n<div id='gallery-1' class='gallery galleryid-425 gallery-columns-3 gallery-size-thumbnail'><figure class='gallery-item'>\n\t\t\t<div class='gallery-icon '>\n\t\t\t\t<a href='https:\/\/www.femmesdexpression06.fr\/wp-content\/uploads\/2014\/11\/1533720_10152796639735236_9205336564044762402_n.jpg'>1533720_10152796639735236_9205336564044762402_n<\/a>\n\t\t\t<\/div><\/figure><figure class='gallery-item'>\n\t\t\t<div class='gallery-icon '>\n\t\t\t\t<a href='https:\/\/www.femmesdexpression06.fr\/wp-content\/uploads\/2014\/11\/10687065_10152796639825236_6697387495013542175_n.jpg'>Le Miel de nos Abeilles<\/a>\n\t\t\t<\/div><\/figure><figure class='gallery-item'>\n\t\t\t<div class='gallery-icon '>\n\t\t\t\t<a href='https:\/\/www.femmesdexpression06.fr\/wp-content\/uploads\/2014\/11\/10519652_10152796640325236_838005691756071512_n.jpg'>10519652_10152796640325236_838005691756071512_n<\/a>\n\t\t\t<\/div><\/figure><figure class='gallery-item'>\n\t\t\t<div class='gallery-icon '>\n\t\t\t\t<a href='https:\/\/www.femmesdexpression06.fr\/wp-content\/uploads\/2014\/11\/1471192_10152796640385236_5557569950075139991_n.jpg'>1471192_10152796640385236_5557569950075139991_n<\/a>\n\t\t\t<\/div><\/figure><figure class='gallery-item'>\n\t\t\t<div class='gallery-icon '>\n\t\t\t\t<a href='https:\/\/www.femmesdexpression06.fr\/wp-content\/uploads\/2014\/11\/1656258_10152797495060236_1872656163159695579_n.jpg'>1656258_10152797495060236_1872656163159695579_n<\/a>\n\t\t\t<\/div><\/figure><figure class='gallery-item'>\n\t\t\t<div class='gallery-icon '>\n\t\t\t\t<a href='https:\/\/www.femmesdexpression06.fr\/wp-content\/uploads\/2014\/11\/10801518_10152797496010236_2792695796912902750_n.jpg'>10801518_10152797496010236_2792695796912902750_n<\/a>\n\t\t\t<\/div><\/figure><figure class='gallery-item'>\n\t\t\t<div class='gallery-icon '>\n\t\t\t\t<a href='https:\/\/www.femmesdexpression06.fr\/wp-content\/uploads\/2014\/11\/10349214_10152796640270236_3261788586282713797_n.jpg'>10349214_10152796640270236_3261788586282713797_n<\/a>\n\t\t\t<\/div><\/figure><figure class='gallery-item'>\n\t\t\t<div class='gallery-icon '>\n\t\t\t\t<a href='https:\/\/www.femmesdexpression06.fr\/wp-content\/uploads\/2014\/11\/10801594_10152796640085236_2469585509687813386_n.jpg'>10801594_10152796640085236_2469585509687813386_n<\/a>\n\t\t\t<\/div><\/figure><figure class='gallery-item'>\n\t\t\t<div class='gallery-icon '>\n\t\t\t\t<a href='https:\/\/www.femmesdexpression06.fr\/wp-content\/uploads\/2014\/11\/1798199_10152796639935236_407288120822800125_n.jpg'>1798199_10152796639935236_407288120822800125_n<\/a>\n\t\t\t<\/div><\/figure><figure class='gallery-item'>\n\t\t\t<div class='gallery-icon '>\n\t\t\t\t<a href='https:\/\/www.femmesdexpression06.fr\/wp-content\/uploads\/2014\/11\/10730965_10152796639905236_1161281689849659368_n.jpg'>10730965_10152796639905236_1161281689849659368_n<\/a>\n\t\t\t<\/div><\/figure>\n\t\t<\/div>\n<\/blockquote>\n","protected":false},"excerpt":{"rendered":"<p>Mardi 18 Novembre nous nous sommes r\u00e9unis pour partager le miel de nos abeilles. Un beau moment au profit de nos actions ! Notre pr\u00e9sidente Andr\u00e9e Alziari Negre\u00a0a pr\u00e9sent\u00e9 les nouvelles adh\u00e9rentes, a fait le point sur les actions pass\u00e9es et futures, sur les \u00e9v\u00e8nements \u00e0 venir. Un moment riche en \u00e9changes autour d&#8217;un sympathique [&hellip;]<\/p>\n","protected":false},"author":1,"featured_media":0,"comment_status":"closed","ping_status":"open","sticky":false,"template":"","format":"standard","meta":{"footnotes":""},"categories":[],"tags":[],"class_list":["post-425","post","type-post","status-publish","format-standard","hentry"],"_links":{"self":[{"href":"https:\/\/femmesdexpression06.fr\/index.php\/wp-json\/wp\/v2\/posts\/425","targetHints":{"allow":["GET"]}}],"collection":[{"href":"https:\/\/femmesdexpression06.fr\/index.php\/wp-json\/wp\/v2\/posts"}],"about":[{"href":"https:\/\/femmesdexpression06.fr\/index.php\/wp-json\/wp\/v2\/types\/post"}],"author":[{"embeddable":true,"href":"https:\/\/femmesdexpression06.fr\/index.php\/wp-json\/wp\/v2\/users\/1"}],"replies":[{"embeddable":true,"href":"https:\/\/femmesdexpression06.fr\/index.php\/wp-json\/wp\/v2\/comments?post=425"}],"version-history":[{"count":1,"href":"https:\/\/femmesdexpression06.fr\/index.php\/wp-json\/wp\/v2\/posts\/425\/revisions"}],"predecessor-version":[{"id":436,"href":"https:\/\/femmesdexpression06.fr\/index.php\/wp-json\/wp\/v2\/posts\/425\/revisions\/436"}],"wp:attachment":[{"href":"https:\/\/femmesdexpression06.fr\/index.php\/wp-json\/wp\/v2\/media?parent=425"}],"wp:term":[{"taxonomy":"category","embeddable":true,"href":"https:\/\/femmesdexpression06.fr\/index.php\/wp-json\/wp\/v2\/categories?post=425"},{"taxonomy":"post_tag","embeddable":true,"href":"https:\/\/femmesdexpression06.fr\/index.php\/wp-json\/wp\/v2\/tags?post=425"}],"curies":[{"name":"wp","href":"https:\/\/api.w.org\/{rel}","templated":true}]}}