{"id":469,"date":"2015-01-16T11:51:02","date_gmt":"2015-01-16T10:51:02","guid":{"rendered":"http:\/\/www.femmesdexpression06.fr\/?p=469"},"modified":"2016-03-03T12:06:14","modified_gmt":"2016-03-03T11:06:14","slug":"soutien-a-des-etudiantes-meritantes","status":"publish","type":"post","link":"https:\/\/femmesdexpression06.fr\/index.php\/2015\/01\/16\/soutien-a-des-etudiantes-meritantes\/","title":{"rendered":"Soutien \u00e0 des \u00e9tudiantes m\u00e9ritantes !"},"content":{"rendered":"<p><strong>&#8220;AIDER LES FEMMES&#8221;<\/strong>, cette phrase a pris tout son sens avec l&#8217;action conduite le 12 janvier dernier en partenariat avec le Lyc\u00e9e H\u00f4telier Paul Augier de Nice.<br \/>\nSous le patronage de son proviseur et en pr\u00e9sence de membres de l\u2019\u00e9quipe p\u00e9dagogique, l&#8217;Association Femmes d&#8217;Expression 06 a remis quatre ch\u00e8ques de 750 euros \u00e0 quatre \u00e9l\u00e8ves m\u00e9ritantes de ce lyc\u00e9e pour les soutenir dans leur projet d&#8217;\u00e9tudes.<br \/>\nLa Pr\u00e9sidente, le docteur Andr\u00e9e Alziari Negre , \u00e9tait accompagn\u00e9e des membres du bureau de l&#8217;association et d&#8217;adh\u00e9rentes, heureuses de favoriser ainsi la promotion des femmes dans les Alpes Maritimes.<\/p>\n<p><span style=\"color: #141823;\">Dans le cadre de la diversification de ses actions au cours de l&#8217;ann\u00e9e 2014 l&#8217;Association Femmes d&#8217;Expression 06 a d\u00e9j\u00e0 soutenu le projet humanitaire et sportif Les Gaz&#8217;Ailes Ni\u00e7oises qui participeront au rallye Aicha des Gazelles au Maroc en mars prochain. Un ch\u00e8que de 1000 euros leur a \u00e9t\u00e9 donn\u00e9 pour ce projet.<\/span><br style=\"color: #141823;\" \/><br style=\"color: #141823;\" \/><span style=\"color: #141823;\">L&#8217;Association Femmes d&#8217;Expression 06, forte d&#8217;une cinquantaine d&#8217;adh\u00e9rentes, fonctionne gr\u00e2ce aux adh\u00e9sions de ses membres, ses actions- vide-grenier, vente du miel de &#8220;ses&#8221; abeilles, repas ou afterwork mensuels, des dons. C&#8217;est ainsi qu&#8217;elle a pu donner 4000 Euros au cours de l&#8217;ann\u00e9e 2014 \u00e0 des femmes qui se distinguent ou souhaitent mener \u00e0 bien , malgr\u00e9 certaines difficult\u00e9s, un projet professionnel.<\/span><\/p>\n<p><span style=\"color: #141823;\">Ev\u00e8nements et actions diverses vont se poursuivre en 2015.<\/span><br style=\"color: #141823;\" \/><span style=\"color: #141823;\">Les Femmes d&#8217;Expression 06, des femmes pour vous et avec vous!<\/span><br style=\"color: #141823;\" \/><br style=\"color: #141823;\" \/><span style=\"color: #141823;\">Vous Habitez les Alpes-Maritimes, ou ailleurs, vous partagez les objectifs des Femmes d&#8217;Expression 06, alors pour toute information sur l&#8217;Association visitez notre site et faites aimer notre page Facebook !<\/span><\/p>\n<blockquote><p>\u00a0<em>P. LE BOETTE-NALLINO \u2013 Secr\u00e9taire Adjointe de l\u2019Association<\/em><\/p>\n<div id='gallery-1' class='gallery galleryid-469 gallery-columns-3 gallery-size-thumbnail'><figure class='gallery-item'>\n\t\t\t<div class='gallery-icon '>\n\t\t\t\t<a href='https:\/\/www.femmesdexpression06.fr\/wp-content\/uploads\/2015\/02\/10968433_591732330961112_1940833162157908846_n.jpg'>10968433_591732330961112_1940833162157908846_n<\/a>\n\t\t\t<\/div><\/figure><figure class='gallery-item'>\n\t\t\t<div class='gallery-icon '>\n\t\t\t\t<a href='https:\/\/www.femmesdexpression06.fr\/wp-content\/uploads\/2015\/02\/10947298_591732440961101_1448133138790154502_n.jpg'>10947298_591732440961101_1448133138790154502_n<\/a>\n\t\t\t<\/div><\/figure><figure class='gallery-item'>\n\t\t\t<div class='gallery-icon '>\n\t\t\t\t<a href='https:\/\/www.femmesdexpression06.fr\/wp-content\/uploads\/2015\/01\/10408612_603304333137245_3177621279985353829_n.jpg'>10408612_603304333137245_3177621279985353829_n<\/a>\n\t\t\t<\/div><\/figure>\n\t\t<\/div>\n<\/blockquote>\n","protected":false},"excerpt":{"rendered":"<p>&#8220;AIDER LES FEMMES&#8221;, cette phrase a pris tout son sens avec l&#8217;action conduite le 12 janvier dernier en partenariat avec le Lyc\u00e9e H\u00f4telier Paul Augier de Nice. Sous le patronage de son proviseur et en pr\u00e9sence de membres de l\u2019\u00e9quipe p\u00e9dagogique, l&#8217;Association Femmes d&#8217;Expression 06 a remis quatre ch\u00e8ques de 750 euros \u00e0 quatre \u00e9l\u00e8ves [&hellip;]<\/p>\n","protected":false},"author":1,"featured_media":0,"comment_status":"closed","ping_status":"open","sticky":false,"template":"","format":"standard","meta":{"footnotes":""},"categories":[],"tags":[],"class_list":["post-469","post","type-post","status-publish","format-standard","hentry"],"_links":{"self":[{"href":"https:\/\/femmesdexpression06.fr\/index.php\/wp-json\/wp\/v2\/posts\/469","targetHints":{"allow":["GET"]}}],"collection":[{"href":"https:\/\/femmesdexpression06.fr\/index.php\/wp-json\/wp\/v2\/posts"}],"about":[{"href":"https:\/\/femmesdexpression06.fr\/index.php\/wp-json\/wp\/v2\/types\/post"}],"author":[{"embeddable":true,"href":"https:\/\/femmesdexpression06.fr\/index.php\/wp-json\/wp\/v2\/users\/1"}],"replies":[{"embeddable":true,"href":"https:\/\/femmesdexpression06.fr\/index.php\/wp-json\/wp\/v2\/comments?post=469"}],"version-history":[{"count":5,"href":"https:\/\/femmesdexpression06.fr\/index.php\/wp-json\/wp\/v2\/posts\/469\/revisions"}],"predecessor-version":[{"id":503,"href":"https:\/\/femmesdexpression06.fr\/index.php\/wp-json\/wp\/v2\/posts\/469\/revisions\/503"}],"wp:attachment":[{"href":"https:\/\/femmesdexpression06.fr\/index.php\/wp-json\/wp\/v2\/media?parent=469"}],"wp:term":[{"taxonomy":"category","embeddable":true,"href":"https:\/\/femmesdexpression06.fr\/index.php\/wp-json\/wp\/v2\/categories?post=469"},{"taxonomy":"post_tag","embeddable":true,"href":"https:\/\/femmesdexpression06.fr\/index.php\/wp-json\/wp\/v2\/tags?post=469"}],"curies":[{"name":"wp","href":"https:\/\/api.w.org\/{rel}","templated":true}]}}