{"id":505,"date":"2015-03-11T17:01:29","date_gmt":"2015-03-11T16:01:29","guid":{"rendered":"http:\/\/www.femmesdexpression06.fr\/?p=505"},"modified":"2015-03-20T17:28:52","modified_gmt":"2015-03-20T16:28:52","slug":"diner-du-11-mars-2015-un-repas-sous-le-signe-des-femmes","status":"publish","type":"post","link":"https:\/\/femmesdexpression06.fr\/index.php\/2015\/03\/11\/diner-du-11-mars-2015-un-repas-sous-le-signe-des-femmes\/","title":{"rendered":"D\u00ceNER DU 11 MARS 2015 \u2013 Un repas sous le signe des Femmes"},"content":{"rendered":"<blockquote><p><strong>Le 11 Mars 2015, l&#8217;Association &#8220;Femmes d&#8217;Expression 06&#8221;\u00a0<\/strong><strong>a f\u00eat\u00e9 les Femmes !<\/strong><\/p><\/blockquote>\n<p>La soir\u00e9e a \u00e9t\u00e9 plac\u00e9e <strong>sous le signe de l&#8217;amiti\u00e9 et de la convivialit\u00e9<\/strong>; accueil et excellent repas au restaurant Le Sapore privatis\u00e9 pour notre Association.<br \/>\n<strong>Notre tombola a \u00e9t\u00e9 particuli\u00e8rement r\u00e9ussie :<\/strong> de tr\u00e8s beaux lots offerts par nos g\u00e9n\u00e9reux donateurs que vous trouverez pour la plupart dans cet album ont ravi les gagnants et\u00a0dont vous pouvez retrouver la liste en ligne en cliquant sur le lien ci-contre :\u00a0<a href=\"http:\/\/www.femmesdexpression06.fr\/wp-content\/uploads\/2015\/03\/TOMBOLA-2015-LISTE-DES-LOTS.pdf\" target=\"_blank\"><strong><span style=\"color: #ff00ff;\"><span style=\"font-family: sans-serif; font-size: medium; font-style: normal; font-variant: normal; line-height: normal;\"><span style=\"color: #ff00ff;\">&#8220;Voir la liste des lots de la tombola&#8221;<\/span>.<\/span><\/span><\/strong><\/a><br \/>\n<strong>Cette tombola nous permettra de poursuivre les objectifs de l&#8217;Association au cours de l&#8217;ann\u00e9e 2015 et de soutenir des projets f\u00e9minins dignes d&#8217;int\u00e9r\u00eat.<\/strong><br \/>\nMerci \u00e0 C\u00e9dric et Anthony du restaurant Le Sapore pour leur accueil et la qualit\u00e9 du repas.<br \/>\nMerci \u00e9galement \u00e0 Val\u00e9rie Armand pour son tableau, \u00e0 Emma Benci pour son collier de perles et encore merci \u00e0 tous nos donateurs.<\/p>\n<p>Que ceux que nous avons omis de citer nous excusent,\u00a0nous pourrons encore ajouter leur carte \u00e0 cet album.<br \/>\nEt n&#8217;oublions pas de remercier l&#8217;ensemble des adh\u00e9rentes qui, par leur pr\u00e9sence, ont permis la r\u00e9ussite de cette belle soir\u00e9e.<\/p>\n<blockquote><p><em>P. LE BOETTE-NALLINO \u2013 Secr\u00e9taire Adjointe de l\u2019Association<\/em><\/p><\/blockquote>\n<div id='gallery-1' class='gallery galleryid-505 gallery-columns-3 gallery-size-thumbnail'><figure class='gallery-item'>\n\t\t\t<div class='gallery-icon '>\n\t\t\t\t<a href='https:\/\/www.femmesdexpression06.fr\/wp-content\/uploads\/2015\/03\/20688_615039675297044_1256876252514748508_n.jpg'>20688_615039675297044_1256876252514748508_n<\/a>\n\t\t\t<\/div><\/figure><figure class='gallery-item'>\n\t\t\t<div class='gallery-icon '>\n\t\t\t\t<a href='https:\/\/www.femmesdexpression06.fr\/wp-content\/uploads\/2015\/03\/10983209_615040485296963_2899106898808816411_n.jpg'>10983209_615040485296963_2899106898808816411_n<\/a>\n\t\t\t<\/div><\/figure><figure class='gallery-item'>\n\t\t\t<div class='gallery-icon '>\n\t\t\t\t<a href='https:\/\/www.femmesdexpression06.fr\/wp-content\/uploads\/2015\/03\/10362580_615040751963603_5271398886588845296_n.jpg'>10362580_615040751963603_5271398886588845296_n<\/a>\n\t\t\t<\/div><\/figure><figure class='gallery-item'>\n\t\t\t<div class='gallery-icon '>\n\t\t\t\t<a href='https:\/\/www.femmesdexpression06.fr\/wp-content\/uploads\/2015\/03\/11058406_615039855297026_2316149953471175712_n.jpg'>11058406_615039855297026_2316149953471175712_n<\/a>\n\t\t\t<\/div><\/figure><figure class='gallery-item'>\n\t\t\t<div class='gallery-icon '>\n\t\t\t\t<a href='https:\/\/www.femmesdexpression06.fr\/wp-content\/uploads\/2015\/03\/11065886_615040205296991_750969041937155583_n.jpg'>11065886_615040205296991_750969041937155583_n<\/a>\n\t\t\t<\/div><\/figure><figure class='gallery-item'>\n\t\t\t<div class='gallery-icon '>\n\t\t\t\t<a href='https:\/\/www.femmesdexpression06.fr\/wp-content\/uploads\/2015\/03\/11062102_615040078630337_7461416673425323050_n.jpg'>11062102_615040078630337_7461416673425323050_n<\/a>\n\t\t\t<\/div><\/figure><figure class='gallery-item'>\n\t\t\t<div class='gallery-icon '>\n\t\t\t\t<a href='https:\/\/www.femmesdexpression06.fr\/wp-content\/uploads\/2015\/03\/1797358_615041048630240_8142411209248692470_n.jpg'>1797358_615041048630240_8142411209248692470_n<\/a>\n\t\t\t<\/div><\/figure><figure class='gallery-item'>\n\t\t\t<div class='gallery-icon '>\n\t\t\t\t<a href='https:\/\/www.femmesdexpression06.fr\/wp-content\/uploads\/2015\/03\/14081_615042021963476_6696685480678547899_n.jpg'>14081_615042021963476_6696685480678547899_n<\/a>\n\t\t\t<\/div><\/figure><figure class='gallery-item'>\n\t\t\t<div class='gallery-icon '>\n\t\t\t\t<a href='https:\/\/www.femmesdexpression06.fr\/wp-content\/uploads\/2015\/03\/1896728_615041865296825_4682927201525713296_n.jpg'>1896728_615041865296825_4682927201525713296_n<\/a>\n\t\t\t<\/div><\/figure><figure class='gallery-item'>\n\t\t\t<div class='gallery-icon '>\n\t\t\t\t<a href='https:\/\/www.femmesdexpression06.fr\/wp-content\/uploads\/2015\/03\/11069505_615040988630246_417750295755489919_n.jpg'>11069505_615040988630246_417750295755489919_n<\/a>\n\t\t\t<\/div><\/figure><figure class='gallery-item'>\n\t\t\t<div class='gallery-icon '>\n\t\t\t\t<a href='https:\/\/www.femmesdexpression06.fr\/wp-content\/uploads\/2015\/03\/11073567_615041565296855_2205181533294095584_n.jpg'>11073567_615041565296855_2205181533294095584_n<\/a>\n\t\t\t<\/div><\/figure><figure class='gallery-item'>\n\t\t\t<div class='gallery-icon '>\n\t\t\t\t<a href='https:\/\/www.femmesdexpression06.fr\/wp-content\/uploads\/2015\/03\/10329150_615041375296874_7323780580313866630_n.jpg'>10329150_615041375296874_7323780580313866630_n<\/a>\n\t\t\t<\/div><\/figure><figure class='gallery-item'>\n\t\t\t<div class='gallery-icon '>\n\t\t\t\t<a href='https:\/\/www.femmesdexpression06.fr\/wp-content\/uploads\/2015\/03\/11075234_615041331963545_4595275888191530516_n.jpg'>11075234_615041331963545_4595275888191530516_n<\/a>\n\t\t\t<\/div><\/figure><figure class='gallery-item'>\n\t\t\t<div class='gallery-icon '>\n\t\t\t\t<a href='https:\/\/www.femmesdexpression06.fr\/wp-content\/uploads\/2015\/03\/10418233_615042145296797_5426951361388370213_n.jpg'>10418233_615042145296797_5426951361388370213_n<\/a>\n\t\t\t<\/div><\/figure><figure class='gallery-item'>\n\t\t\t<div class='gallery-icon '>\n\t\t\t\t<a href='https:\/\/www.femmesdexpression06.fr\/wp-content\/uploads\/2015\/03\/11069876_615042278630117_3531400359677512500_n.jpg'>11069876_615042278630117_3531400359677512500_n<\/a>\n\t\t\t<\/div><\/figure><figure class='gallery-item'>\n\t\t\t<div class='gallery-icon '>\n\t\t\t\t<a href='https:\/\/www.femmesdexpression06.fr\/wp-content\/uploads\/2015\/03\/11054396_615042348630110_4077776886761414875_n.jpg'>11054396_615042348630110_4077776886761414875_n<\/a>\n\t\t\t<\/div><\/figure><figure class='gallery-item'>\n\t\t\t<div class='gallery-icon '>\n\t\t\t\t<a href='https:\/\/www.femmesdexpression06.fr\/wp-content\/uploads\/2015\/03\/16208_615043371963341_5785898639984465971_n.jpg'>16208_615043371963341_5785898639984465971_n<\/a>\n\t\t\t<\/div><\/figure><figure class='gallery-item'>\n\t\t\t<div class='gallery-icon '>\n\t\t\t\t<a href='https:\/\/www.femmesdexpression06.fr\/wp-content\/uploads\/2015\/03\/988499_615043701963308_8539605888369608125_n.jpg'>988499_615043701963308_8539605888369608125_n<\/a>\n\t\t\t<\/div><\/figure><figure class='gallery-item'>\n\t\t\t<div class='gallery-icon '>\n\t\t\t\t<a href='https:\/\/www.femmesdexpression06.fr\/wp-content\/uploads\/2015\/03\/997081_615043135296698_1238021114334599909_n.jpg'>997081_615043135296698_1238021114334599909_n<\/a>\n\t\t\t<\/div><\/figure><figure class='gallery-item'>\n\t\t\t<div class='gallery-icon '>\n\t\t\t\t<a href='https:\/\/www.femmesdexpression06.fr\/wp-content\/uploads\/2015\/03\/1939655_615043011963377_4672195464374918912_n.jpg'>1939655_615043011963377_4672195464374918912_n<\/a>\n\t\t\t<\/div><\/figure><figure class='gallery-item'>\n\t\t\t<div class='gallery-icon '>\n\t\t\t\t<a href='https:\/\/www.femmesdexpression06.fr\/wp-content\/uploads\/2015\/03\/10300432_615043935296618_8904197171165285975_n.jpg'>10300432_615043935296618_8904197171165285975_n<\/a>\n\t\t\t<\/div><\/figure><figure class='gallery-item'>\n\t\t\t<div class='gallery-icon '>\n\t\t\t\t<a href='https:\/\/www.femmesdexpression06.fr\/wp-content\/uploads\/2015\/03\/10444010_615044328629912_5472166282622981327_n.jpg'>10444010_615044328629912_5472166282622981327_n<\/a>\n\t\t\t<\/div><\/figure><figure class='gallery-item'>\n\t\t\t<div class='gallery-icon '>\n\t\t\t\t<a href='https:\/\/www.femmesdexpression06.fr\/wp-content\/uploads\/2015\/03\/10561699_615043455296666_3238168104624534186_n.jpg'>10561699_615043455296666_3238168104624534186_n<\/a>\n\t\t\t<\/div><\/figure><figure class='gallery-item'>\n\t\t\t<div class='gallery-icon '>\n\t\t\t\t<a href='https:\/\/www.femmesdexpression06.fr\/wp-content\/uploads\/2015\/03\/11054481_615043625296649_5452188757698590408_n.jpg'>11054481_615043625296649_5452188757698590408_n<\/a>\n\t\t\t<\/div><\/figure><figure class='gallery-item'>\n\t\t\t<div class='gallery-icon '>\n\t\t\t\t<a href='https:\/\/www.femmesdexpression06.fr\/wp-content\/uploads\/2015\/03\/10565118_615043251963353_7527434237759205881_n.jpg'>10565118_615043251963353_7527434237759205881_n<\/a>\n\t\t\t<\/div><\/figure><figure class='gallery-item'>\n\t\t\t<div class='gallery-icon '>\n\t\t\t\t<a href='https:\/\/www.femmesdexpression06.fr\/wp-content\/uploads\/2015\/03\/10592902_615063851961293_5242146462274180835_n.jpg'>10592902_615063851961293_5242146462274180835_n<\/a>\n\t\t\t<\/div><\/figure><figure class='gallery-item'>\n\t\t\t<div class='gallery-icon '>\n\t\t\t\t<a href='https:\/\/www.femmesdexpression06.fr\/wp-content\/uploads\/2015\/03\/11018616_615042485296763_8348162611395778866_n.jpg'>11018616_615042485296763_8348162611395778866_n<\/a>\n\t\t\t<\/div><\/figure><figure class='gallery-item'>\n\t\t\t<div class='gallery-icon '>\n\t\t\t\t<a href='https:\/\/www.femmesdexpression06.fr\/wp-content\/uploads\/2015\/03\/10996804_615049298629415_5377309314698104185_n.jpg'>10996804_615049298629415_5377309314698104185_n<\/a>\n\t\t\t<\/div><\/figure><figure class='gallery-item'>\n\t\t\t<div class='gallery-icon '>\n\t\t\t\t<a href='https:\/\/www.femmesdexpression06.fr\/wp-content\/uploads\/2015\/03\/11012939_615042598630085_232902610269360162_n.jpg'>11012939_615042598630085_232902610269360162_n<\/a>\n\t\t\t<\/div><\/figure><figure class='gallery-item'>\n\t\t\t<div class='gallery-icon '>\n\t\t\t\t<a href='https:\/\/www.femmesdexpression06.fr\/wp-content\/uploads\/2015\/03\/10415548_615023021965376_7399508095452189280_n.jpg'>10415548_615023021965376_7399508095452189280_n<\/a>\n\t\t\t<\/div><\/figure><figure class='gallery-item'>\n\t\t\t<div class='gallery-icon '>\n\t\t\t\t<a href='https:\/\/www.femmesdexpression06.fr\/wp-content\/uploads\/2015\/03\/10999610_615044561963222_244871732114654457_n.jpg'>10999610_615044561963222_244871732114654457_n<\/a>\n\t\t\t<\/div><\/figure><figure class='gallery-item'>\n\t\t\t<div class='gallery-icon '>\n\t\t\t\t<a href='https:\/\/www.femmesdexpression06.fr\/wp-content\/uploads\/2015\/03\/11018616_615044408629904_8173117000227622322_n.jpg'>11018616_615044408629904_8173117000227622322_n<\/a>\n\t\t\t<\/div><\/figure><figure class='gallery-item'>\n\t\t\t<div class='gallery-icon '>\n\t\t\t\t<a href='https:\/\/www.femmesdexpression06.fr\/wp-content\/uploads\/2015\/03\/14044_615044745296537_2213709682862883235_n.jpg'>14044_615044745296537_2213709682862883235_n<\/a>\n\t\t\t<\/div><\/figure>\n\t\t<\/div>\n\n<p>&nbsp;<\/p>\n","protected":false},"excerpt":{"rendered":"<p>Le 11 Mars 2015, l&#8217;Association &#8220;Femmes d&#8217;Expression 06&#8221;\u00a0a f\u00eat\u00e9 les Femmes ! La soir\u00e9e a \u00e9t\u00e9 plac\u00e9e sous le signe de l&#8217;amiti\u00e9 et de la convivialit\u00e9; accueil et excellent repas au restaurant Le Sapore privatis\u00e9 pour notre Association. Notre tombola a \u00e9t\u00e9 particuli\u00e8rement r\u00e9ussie : de tr\u00e8s beaux lots offerts par nos g\u00e9n\u00e9reux donateurs que [&hellip;]<\/p>\n","protected":false},"author":2,"featured_media":0,"comment_status":"closed","ping_status":"open","sticky":false,"template":"","format":"standard","meta":{"footnotes":""},"categories":[],"tags":[],"class_list":["post-505","post","type-post","status-publish","format-standard","hentry"],"_links":{"self":[{"href":"https:\/\/femmesdexpression06.fr\/index.php\/wp-json\/wp\/v2\/posts\/505","targetHints":{"allow":["GET"]}}],"collection":[{"href":"https:\/\/femmesdexpression06.fr\/index.php\/wp-json\/wp\/v2\/posts"}],"about":[{"href":"https:\/\/femmesdexpression06.fr\/index.php\/wp-json\/wp\/v2\/types\/post"}],"author":[{"embeddable":true,"href":"https:\/\/femmesdexpression06.fr\/index.php\/wp-json\/wp\/v2\/users\/2"}],"replies":[{"embeddable":true,"href":"https:\/\/femmesdexpression06.fr\/index.php\/wp-json\/wp\/v2\/comments?post=505"}],"version-history":[{"count":7,"href":"https:\/\/femmesdexpression06.fr\/index.php\/wp-json\/wp\/v2\/posts\/505\/revisions"}],"predecessor-version":[{"id":546,"href":"https:\/\/femmesdexpression06.fr\/index.php\/wp-json\/wp\/v2\/posts\/505\/revisions\/546"}],"wp:attachment":[{"href":"https:\/\/femmesdexpression06.fr\/index.php\/wp-json\/wp\/v2\/media?parent=505"}],"wp:term":[{"taxonomy":"category","embeddable":true,"href":"https:\/\/femmesdexpression06.fr\/index.php\/wp-json\/wp\/v2\/categories?post=505"},{"taxonomy":"post_tag","embeddable":true,"href":"https:\/\/femmesdexpression06.fr\/index.php\/wp-json\/wp\/v2\/tags?post=505"}],"curies":[{"name":"wp","href":"https:\/\/api.w.org\/{rel}","templated":true}]}}