{"id":547,"date":"2015-03-07T07:41:58","date_gmt":"2015-03-07T06:41:58","guid":{"rendered":"http:\/\/www.femmesdexpression06.fr\/?p=547"},"modified":"2015-03-27T07:46:57","modified_gmt":"2015-03-27T06:46:57","slug":"actualites-2015-de-lassociation","status":"publish","type":"post","link":"https:\/\/femmesdexpression06.fr\/index.php\/2015\/03\/07\/actualites-2015-de-lassociation\/","title":{"rendered":"ACTUALITES 2015 de l&#8217;Association"},"content":{"rendered":"<p><span style=\"color: #ff00ff;\"><strong>Une p\u00e9riode charg\u00e9e en \u00e9v\u00e9nements ces derniers jours<\/strong><strong> :<\/strong><\/span><\/p>\n<p><span style=\"color: #141823;\"><br \/>\n&#8211; Participation au Forum de la journ\u00e9e de la Femme \u00e0 Opio le 7 mars et notamment \u00e0 la table ronde &#8220;Associations au F\u00e9minin&#8221;, \u00e0 l&#8217;invitation de Christine Spiteri, Adjointe au maire d&#8217;Opio, D\u00e9l\u00e9gu\u00e9e \u00e0 la culture, d\u00e9veloppement \u00e9conomique, tourisme. Une journ\u00e9e riche en rencontres et en \u00e9changes ; en suivant le lien ci-dessous vous trouverez quelques informations:<br \/>\n<a href=\"http:\/\/mairie-opio.fr\/quelques-informations-journ%C3%A9e-de\" target=\"_blank\"><span style=\"color: #3b5998;\">http:\/\/mairie-opio.fr\/quelques-infor<span class=\"textexposedshow\">mations-journ\u00e9e-de<\/span><\/span><\/a><\/span><\/p>\n<p><span style=\"color: #141823;\"><br \/>\n<span class=\"textexposedshow\">&#8211; Finalisation de notre tombola afin de trouver des ressources pour nos actions 2015 : une belle r\u00e9ussite avec de nombreux et beaux lots qui ont ravi les gagnantes.<\/span><\/span><\/p>\n<p><span style=\"color: #141823;\"><br \/>\n<span class=\"textexposedshow\">&#8211; Tirage de la tombola au cours d&#8217;un d\u00eener festif d\u00e9di\u00e9 aux femmes.<\/span><br \/>\n<span class=\"textexposedshow\">Ce repas a eu lieu au restaurant le Sapore, Place du Pin \u00e0 Nice qui avait privatis\u00e9 la salle en notre honneur car nous \u00e9tions nombreuses \u00e0 avoir r\u00e9pondu pr\u00e9sentes. Le repas \u00e9labor\u00e9 par Anthony \u00e9tait comme toujours d\u00e9licieux et le g\u00e2teau fut une magnifique surprise.<\/span><br \/>\n<span class=\"textexposedshow\">Merci \u00e0 Anthony et C\u00e9dric pour leur accueil et leur savoir faire.<\/span><\/span><\/p>\n<p><span style=\"color: #141823;\"><br \/>\n<strong><span class=\"textexposedshow\">Une r\u00e9union du bureau doit maintenant faire le point sur ces divers \u00e9v\u00e9nements et pr\u00e9parer la suite.<\/span><\/strong><\/span><\/p>\n<blockquote><p><em>P. LE BOETTE-NALLINO \u2013 Secr\u00e9taire Adjointe de l\u2019Association<\/em><\/p>\n<div id='gallery-1' class='gallery galleryid-547 gallery-columns-3 gallery-size-thumbnail'><figure class='gallery-item'>\n\t\t\t<div class='gallery-icon '>\n\t\t\t\t<a href='https:\/\/www.femmesdexpression06.fr\/wp-content\/uploads\/2015\/03\/10995789_614871471980531_4838313910800130638_n.jpg'>10995789_614871471980531_4838313910800130638_n<\/a>\n\t\t\t<\/div><\/figure><figure class='gallery-item'>\n\t\t\t<div class='gallery-icon '>\n\t\t\t\t<a href='https:\/\/www.femmesdexpression06.fr\/wp-content\/uploads\/2015\/03\/11058413_614877238646621_8571138044396092498_n.jpg'>11058413_614877238646621_8571138044396092498_n<\/a>\n\t\t\t<\/div><\/figure><figure class='gallery-item'>\n\t\t\t<div class='gallery-icon '>\n\t\t\t\t<a href='https:\/\/www.femmesdexpression06.fr\/wp-content\/uploads\/2015\/03\/10491084_614877958646549_9093211144502530855_n.jpg'>10491084_614877958646549_9093211144502530855_n<\/a>\n\t\t\t<\/div><\/figure>\n\t\t<\/div>\n<\/blockquote>\n","protected":false},"excerpt":{"rendered":"<p>Une p\u00e9riode charg\u00e9e en \u00e9v\u00e9nements ces derniers jours : &#8211; Participation au Forum de la journ\u00e9e de la Femme \u00e0 Opio le 7 mars et notamment \u00e0 la table ronde &#8220;Associations au F\u00e9minin&#8221;, \u00e0 l&#8217;invitation de Christine Spiteri, Adjointe au maire d&#8217;Opio, D\u00e9l\u00e9gu\u00e9e \u00e0 la culture, d\u00e9veloppement \u00e9conomique, tourisme. Une journ\u00e9e riche en rencontres et [&hellip;]<\/p>\n","protected":false},"author":1,"featured_media":0,"comment_status":"closed","ping_status":"open","sticky":false,"template":"","format":"standard","meta":{"footnotes":""},"categories":[],"tags":[],"class_list":["post-547","post","type-post","status-publish","format-standard","hentry"],"_links":{"self":[{"href":"https:\/\/femmesdexpression06.fr\/index.php\/wp-json\/wp\/v2\/posts\/547","targetHints":{"allow":["GET"]}}],"collection":[{"href":"https:\/\/femmesdexpression06.fr\/index.php\/wp-json\/wp\/v2\/posts"}],"about":[{"href":"https:\/\/femmesdexpression06.fr\/index.php\/wp-json\/wp\/v2\/types\/post"}],"author":[{"embeddable":true,"href":"https:\/\/femmesdexpression06.fr\/index.php\/wp-json\/wp\/v2\/users\/1"}],"replies":[{"embeddable":true,"href":"https:\/\/femmesdexpression06.fr\/index.php\/wp-json\/wp\/v2\/comments?post=547"}],"version-history":[{"count":2,"href":"https:\/\/femmesdexpression06.fr\/index.php\/wp-json\/wp\/v2\/posts\/547\/revisions"}],"predecessor-version":[{"id":552,"href":"https:\/\/femmesdexpression06.fr\/index.php\/wp-json\/wp\/v2\/posts\/547\/revisions\/552"}],"wp:attachment":[{"href":"https:\/\/femmesdexpression06.fr\/index.php\/wp-json\/wp\/v2\/media?parent=547"}],"wp:term":[{"taxonomy":"category","embeddable":true,"href":"https:\/\/femmesdexpression06.fr\/index.php\/wp-json\/wp\/v2\/categories?post=547"},{"taxonomy":"post_tag","embeddable":true,"href":"https:\/\/femmesdexpression06.fr\/index.php\/wp-json\/wp\/v2\/tags?post=547"}],"curies":[{"name":"wp","href":"https:\/\/api.w.org\/{rel}","templated":true}]}}