{"id":602,"date":"2015-09-12T11:00:51","date_gmt":"2015-09-12T10:00:51","guid":{"rendered":"http:\/\/www.femmesdexpression06.fr\/?p=602"},"modified":"2015-10-19T11:54:55","modified_gmt":"2015-10-19T10:54:55","slug":"linda-serravalle-finaliste-du-concours-chef-dun-jour","status":"publish","type":"post","link":"https:\/\/femmesdexpression06.fr\/index.php\/2015\/09\/12\/linda-serravalle-finaliste-du-concours-chef-dun-jour\/","title":{"rendered":"Linda Serravalle &#8211; Finaliste du concours &#8220;Chef d&#8217;un Jour&#8221;"},"content":{"rendered":"<p><span style=\"color: #141823;\"><strong>F\u00e9licitations \u00e0 Linda pour sa Tourte de Blettes<\/strong>, un plat qui appartient au patrimoine ni\u00e7ois.<br \/>\nL&#8217;Association Femmes d&#8217;Expression 06 est fi\u00e8re de lui avoir fait confiance et de la soutenir dans son parcours de formation h\u00f4teli\u00e8re.<\/span><\/p>\n<blockquote><p>Source: Quotidien Nice-Matin du 10 mai 2015<\/p><\/blockquote>\n<p><strong>Gr\u00e2ce \u00e0 la bourse<\/strong> de l\u2019association <strong>\u00ab\u00a0Femme d\u2019Expression 06\u00a0\u00bb<\/strong>, j\u2019ai pu acheter mon mat\u00e9riel professionnel de cuisine.<\/p>\n<p>J\u2019ai \u00e9t\u00e9 <strong>finaliste du concours \u00ab\u00a0chef d\u2019un jour\u00a0\u00bb<\/strong> qui s\u2019est d\u00e9roul\u00e9 au Palais des Expositions le jeudi 12 Septembre 2015.<\/p>\n<p>Un grand merci \u00e0 vous toutes et au plaisir de vous revoir.<\/p>\n<p>Linda Serravalle<\/p>\n<div id='gallery-1' class='gallery galleryid-602 gallery-columns-3 gallery-size-thumbnail'><figure class='gallery-item'>\n\t\t\t<div class='gallery-icon '>\n\t\t\t\t<a href='https:\/\/www.femmesdexpression06.fr\/wp-content\/uploads\/2015\/09\/11124601_641312759336402_1447318244549119735_n.jpg'>11124601_641312759336402_1447318244549119735_n<\/a>\n\t\t\t<\/div><\/figure><figure class='gallery-item'>\n\t\t\t<div class='gallery-icon '>\n\t\t\t\t<a href='https:\/\/www.femmesdexpression06.fr\/wp-content\/uploads\/2015\/09\/Facebook-20150823-040913.jpg'>Facebook-20150823-040913<\/a>\n\t\t\t<\/div><\/figure>\n\t\t<\/div>\n\n","protected":false},"excerpt":{"rendered":"<p>F\u00e9licitations \u00e0 Linda pour sa Tourte de Blettes, un plat qui appartient au patrimoine ni\u00e7ois. L&#8217;Association Femmes d&#8217;Expression 06 est fi\u00e8re de lui avoir fait confiance et de la soutenir dans son parcours de formation h\u00f4teli\u00e8re. Source: Quotidien Nice-Matin du 10 mai 2015 Gr\u00e2ce \u00e0 la bourse de l\u2019association \u00ab\u00a0Femme d\u2019Expression 06\u00a0\u00bb, j\u2019ai pu acheter [&hellip;]<\/p>\n","protected":false},"author":2,"featured_media":0,"comment_status":"closed","ping_status":"open","sticky":false,"template":"","format":"standard","meta":{"footnotes":""},"categories":[],"tags":[],"class_list":["post-602","post","type-post","status-publish","format-standard","hentry"],"_links":{"self":[{"href":"https:\/\/femmesdexpression06.fr\/index.php\/wp-json\/wp\/v2\/posts\/602","targetHints":{"allow":["GET"]}}],"collection":[{"href":"https:\/\/femmesdexpression06.fr\/index.php\/wp-json\/wp\/v2\/posts"}],"about":[{"href":"https:\/\/femmesdexpression06.fr\/index.php\/wp-json\/wp\/v2\/types\/post"}],"author":[{"embeddable":true,"href":"https:\/\/femmesdexpression06.fr\/index.php\/wp-json\/wp\/v2\/users\/2"}],"replies":[{"embeddable":true,"href":"https:\/\/femmesdexpression06.fr\/index.php\/wp-json\/wp\/v2\/comments?post=602"}],"version-history":[{"count":3,"href":"https:\/\/femmesdexpression06.fr\/index.php\/wp-json\/wp\/v2\/posts\/602\/revisions"}],"predecessor-version":[{"id":615,"href":"https:\/\/femmesdexpression06.fr\/index.php\/wp-json\/wp\/v2\/posts\/602\/revisions\/615"}],"wp:attachment":[{"href":"https:\/\/femmesdexpression06.fr\/index.php\/wp-json\/wp\/v2\/media?parent=602"}],"wp:term":[{"taxonomy":"category","embeddable":true,"href":"https:\/\/femmesdexpression06.fr\/index.php\/wp-json\/wp\/v2\/categories?post=602"},{"taxonomy":"post_tag","embeddable":true,"href":"https:\/\/femmesdexpression06.fr\/index.php\/wp-json\/wp\/v2\/tags?post=602"}],"curies":[{"name":"wp","href":"https:\/\/api.w.org\/{rel}","templated":true}]}}