{"id":911,"date":"2022-05-26T14:34:08","date_gmt":"2022-05-26T13:34:08","guid":{"rendered":"http:\/\/www.femmesdexpression06.fr\/?p=911"},"modified":"2022-11-25T13:17:46","modified_gmt":"2022-11-25T12:17:46","slug":"action-de-soutien-le-25-mai","status":"publish","type":"post","link":"https:\/\/femmesdexpression06.fr\/index.php\/2022\/05\/26\/action-de-soutien-le-25-mai\/","title":{"rendered":"Action de soutien le 26 mai 2022 &#8211; Vernissage Marie Roca"},"content":{"rendered":"<p>Ce\u00a0jeudi 26 mai 2022, nous nous sommes retrouv\u00e9es au restaurant le San Juan, sur le port de Nice (06), o\u00f9 nous avons remis <strong>un ch\u00e8que de 1000\u20ac \u00e0 Marie Roca<\/strong>, artiste plasticienne\u00a0engag\u00e9e pour la d\u00e9fense du bien-\u00eatre animal, en soutien\u00a0de son travail.<\/p>\n<blockquote><p>D\u00e9couvrez son travail du 24\u00a0septembre au 9 octobre au Lavoir de Mougins et sur son <a title=\"Marie_Roca\" href=\"https:\/\/www.marie-roca-artiste.com\/\" target=\"_blank\">site Internet<\/a><\/p><\/blockquote>\n<p>&nbsp;<\/p>\n<div id='gallery-1' class='gallery galleryid-911 gallery-columns-4 gallery-size-thumbnail'><figure class='gallery-item'>\n\t\t\t<div class='gallery-icon '>\n\t\t\t\t<a href='https:\/\/www.femmesdexpression06.fr\/wp-content\/uploads\/2022\/05\/invitations-image-332x4981.jpg'>Marie_Roca<\/a>\n\t\t\t<\/div><\/figure><figure class='gallery-item'>\n\t\t\t<div class='gallery-icon '>\n\t\t\t\t<a href='https:\/\/www.femmesdexpression06.fr\/wp-content\/uploads\/2022\/05\/WhatsApp-Image-2022-11-25-at-10.59.29-3.jpeg'>WhatsApp Image 2022-11-25 at 10.59.29 (3)<\/a>\n\t\t\t<\/div><\/figure><figure class='gallery-item'>\n\t\t\t<div class='gallery-icon '>\n\t\t\t\t<a href='https:\/\/www.femmesdexpression06.fr\/wp-content\/uploads\/2022\/05\/WhatsApp-Image-2022-11-25-at-10.59.29-4.jpeg'>WhatsApp Image 2022-11-25 at 10.59.29 (4)<\/a>\n\t\t\t<\/div><\/figure><figure class='gallery-item'>\n\t\t\t<div class='gallery-icon '>\n\t\t\t\t<a href='https:\/\/www.femmesdexpression06.fr\/wp-content\/uploads\/2022\/05\/WhatsApp-Image-2022-11-25-at-10.59.29.jpeg'>WhatsApp Image 2022-11-25 at 10.59.29<\/a>\n\t\t\t<\/div><\/figure><figure class='gallery-item'>\n\t\t\t<div class='gallery-icon '>\n\t\t\t\t<a href='https:\/\/www.femmesdexpression06.fr\/wp-content\/uploads\/2022\/05\/WhatsApp-Image-2022-11-25-at-10.59.29-5.jpeg'>WhatsApp Image 2022-11-25 at 10.59.29 (5)<\/a>\n\t\t\t<\/div><\/figure><figure class='gallery-item'>\n\t\t\t<div class='gallery-icon '>\n\t\t\t\t<a href='https:\/\/www.femmesdexpression06.fr\/wp-content\/uploads\/2022\/05\/WhatsApp-Image-2022-11-25-at-10.59.29-1.jpeg'>WhatsApp Image 2022-11-25 at 10.59.29 (1)<\/a>\n\t\t\t<\/div><\/figure><figure class='gallery-item'>\n\t\t\t<div class='gallery-icon '>\n\t\t\t\t<a href='https:\/\/www.femmesdexpression06.fr\/wp-content\/uploads\/2022\/05\/WhatsApp-Image-2022-11-25-at-10.59.29-2.jpeg'>Marie_Roca_Soutien<\/a>\n\t\t\t<\/div><\/figure>\n\t\t<\/div>\n\n<p>&nbsp;<\/p>\n<p>&nbsp;<\/p>\n<p>&nbsp;<\/p>\n","protected":false},"excerpt":{"rendered":"<p>Ce\u00a0jeudi 26 mai 2022, nous nous sommes retrouv\u00e9es au restaurant le San Juan, sur le port de Nice (06), o\u00f9 nous avons remis un ch\u00e8que de 1000\u20ac \u00e0 Marie Roca, artiste plasticienne\u00a0engag\u00e9e pour la d\u00e9fense du bien-\u00eatre animal, en soutien\u00a0de son travail. D\u00e9couvrez son travail du 24\u00a0septembre au 9 octobre au Lavoir de Mougins et [&hellip;]<\/p>\n","protected":false},"author":4,"featured_media":0,"comment_status":"closed","ping_status":"open","sticky":false,"template":"","format":"standard","meta":{"footnotes":""},"categories":[],"tags":[],"class_list":["post-911","post","type-post","status-publish","format-standard","hentry"],"_links":{"self":[{"href":"https:\/\/femmesdexpression06.fr\/index.php\/wp-json\/wp\/v2\/posts\/911","targetHints":{"allow":["GET"]}}],"collection":[{"href":"https:\/\/femmesdexpression06.fr\/index.php\/wp-json\/wp\/v2\/posts"}],"about":[{"href":"https:\/\/femmesdexpression06.fr\/index.php\/wp-json\/wp\/v2\/types\/post"}],"author":[{"embeddable":true,"href":"https:\/\/femmesdexpression06.fr\/index.php\/wp-json\/wp\/v2\/users\/4"}],"replies":[{"embeddable":true,"href":"https:\/\/femmesdexpression06.fr\/index.php\/wp-json\/wp\/v2\/comments?post=911"}],"version-history":[{"count":10,"href":"https:\/\/femmesdexpression06.fr\/index.php\/wp-json\/wp\/v2\/posts\/911\/revisions"}],"predecessor-version":[{"id":962,"href":"https:\/\/femmesdexpression06.fr\/index.php\/wp-json\/wp\/v2\/posts\/911\/revisions\/962"}],"wp:attachment":[{"href":"https:\/\/femmesdexpression06.fr\/index.php\/wp-json\/wp\/v2\/media?parent=911"}],"wp:term":[{"taxonomy":"category","embeddable":true,"href":"https:\/\/femmesdexpression06.fr\/index.php\/wp-json\/wp\/v2\/categories?post=911"},{"taxonomy":"post_tag","embeddable":true,"href":"https:\/\/femmesdexpression06.fr\/index.php\/wp-json\/wp\/v2\/tags?post=911"}],"curies":[{"name":"wp","href":"https:\/\/api.w.org\/{rel}","templated":true}]}}