{"id":959,"date":"2022-03-24T13:11:34","date_gmt":"2022-03-24T12:11:34","guid":{"rendered":"http:\/\/www.femmesdexpression06.fr\/?p=959"},"modified":"2022-11-25T13:16:50","modified_gmt":"2022-11-25T12:16:50","slug":"le-24-mars-2022-_-reunion-de-bureau-marie-roca","status":"publish","type":"post","link":"https:\/\/femmesdexpression06.fr\/index.php\/2022\/03\/24\/le-24-mars-2022-_-reunion-de-bureau-marie-roca\/","title":{"rendered":"Le 24 mars 2022 _ R\u00e9union de bureau &#038; Marie Roca"},"content":{"rendered":"<p>Ce jeudi 24 mars 2022, s&#8217;est d\u00e9roul\u00e9e une <strong>r\u00e9union de bureau<\/strong> au restaurant &#8220;SENTIMI&#8221;, place Garibaldi \u00e0 Nice (06), pour parler de notre <strong>participation au vernissage de Marie Roca, artiste plasticienne<\/strong>, de Mouans Sarthoux.<\/p>\n<blockquote><p>D\u00e9couvrez le travail magnifique de cette artiste sur son <a title=\"Marie_Roca\" href=\"https:\/\/www.marie-roca-artiste.com\/\" target=\"_blank\">site Internet<\/a><\/p><\/blockquote>\n<p>&nbsp;<\/p>\n<div id='gallery-1' class='gallery galleryid-959 gallery-columns-2 gallery-size-thumbnail'><figure class='gallery-item'>\n\t\t\t<div class='gallery-icon '>\n\t\t\t\t<a href='https:\/\/www.femmesdexpression06.fr\/wp-content\/uploads\/2022\/05\/Marie_Roca.jpg'>Marie_Roca<\/a>\n\t\t\t<\/div><\/figure><figure class='gallery-item'>\n\t\t\t<div class='gallery-icon '>\n\t\t\t\t<a href='https:\/\/www.femmesdexpression06.fr\/wp-content\/uploads\/2022\/11\/WhatsApp-Image-2022-11-25-at-11.00.16.jpeg'>Reunion_Bureau_24mars2022<\/a>\n\t\t\t<\/div><\/figure>\n\t\t<\/div>\n\n<p>&nbsp;<\/p>\n<p>&nbsp;<\/p>\n<p>&nbsp;<\/p>\n","protected":false},"excerpt":{"rendered":"<p>Ce jeudi 24 mars 2022, s&#8217;est d\u00e9roul\u00e9e une r\u00e9union de bureau au restaurant &#8220;SENTIMI&#8221;, place Garibaldi \u00e0 Nice (06), pour parler de notre participation au vernissage de Marie Roca, artiste plasticienne, de Mouans Sarthoux. D\u00e9couvrez le travail magnifique de cette artiste sur son site Internet &nbsp; &nbsp; &nbsp; &nbsp;<\/p>\n","protected":false},"author":4,"featured_media":0,"comment_status":"closed","ping_status":"open","sticky":false,"template":"","format":"standard","meta":{"footnotes":""},"categories":[],"tags":[],"class_list":["post-959","post","type-post","status-publish","format-standard","hentry"],"_links":{"self":[{"href":"https:\/\/femmesdexpression06.fr\/index.php\/wp-json\/wp\/v2\/posts\/959","targetHints":{"allow":["GET"]}}],"collection":[{"href":"https:\/\/femmesdexpression06.fr\/index.php\/wp-json\/wp\/v2\/posts"}],"about":[{"href":"https:\/\/femmesdexpression06.fr\/index.php\/wp-json\/wp\/v2\/types\/post"}],"author":[{"embeddable":true,"href":"https:\/\/femmesdexpression06.fr\/index.php\/wp-json\/wp\/v2\/users\/4"}],"replies":[{"embeddable":true,"href":"https:\/\/femmesdexpression06.fr\/index.php\/wp-json\/wp\/v2\/comments?post=959"}],"version-history":[{"count":1,"href":"https:\/\/femmesdexpression06.fr\/index.php\/wp-json\/wp\/v2\/posts\/959\/revisions"}],"predecessor-version":[{"id":961,"href":"https:\/\/femmesdexpression06.fr\/index.php\/wp-json\/wp\/v2\/posts\/959\/revisions\/961"}],"wp:attachment":[{"href":"https:\/\/femmesdexpression06.fr\/index.php\/wp-json\/wp\/v2\/media?parent=959"}],"wp:term":[{"taxonomy":"category","embeddable":true,"href":"https:\/\/femmesdexpression06.fr\/index.php\/wp-json\/wp\/v2\/categories?post=959"},{"taxonomy":"post_tag","embeddable":true,"href":"https:\/\/femmesdexpression06.fr\/index.php\/wp-json\/wp\/v2\/tags?post=959"}],"curies":[{"name":"wp","href":"https:\/\/api.w.org\/{rel}","templated":true}]}}