{"id":963,"date":"2022-11-20T13:24:10","date_gmt":"2022-11-20T12:24:10","guid":{"rendered":"http:\/\/www.femmesdexpression06.fr\/?p=963"},"modified":"2022-11-25T13:34:38","modified_gmt":"2022-11-25T12:34:38","slug":"le-19-novembre-2022-au-theatre-francis-gag","status":"publish","type":"post","link":"https:\/\/femmesdexpression06.fr\/index.php\/2022\/11\/20\/le-19-novembre-2022-au-theatre-francis-gag\/","title":{"rendered":"Le 19 novembre 2022 au th\u00e9\u00e2tre Francis GAG"},"content":{"rendered":"<p>Ce samedi 19 novembre 2022, nous avons eu l&#8217;immense bonheur d&#8217;aller applaudir <strong>la com\u00e9die &#8220;Maman m&#8217;a dit&#8221; cr\u00e9\u00e9e et interpr\u00e9t\u00e9e par Jean-Marc Selou.<\/strong><\/p>\n<p><strong>Dix com\u00e9diens brillantissimes !!!<\/strong><\/p>\n<p><strong>Auteur :<\/strong> Jean-Marc Selou<br \/>\n<strong>Artistes :<\/strong> Nathan Bellaiche, Fabien Brayer, Jean Clericy, Magali Comte, Christine de May, Viviane Dumoulin, Ad\u00e8le Descamps, Didier Ritrovato, Edwige Sadoul, Jean-Marc Selou<br \/>\n<strong>Metteur en sc\u00e8ne :<\/strong> Elisabeth Piron<\/p>\n<blockquote><p>Du rire, de l&#8217;\u00e9motion, des personnages hauts en couleurs ! Un vaudeville contemporain dans un salon de th\u00e9 qui ne vous laissera pas de marbre.<br \/>\n[billetreduc.com]<\/p><\/blockquote>\n<p><strong>Une com\u00e9die \u00e0 aller voir sans h\u00e9siter&#8230;<\/strong><\/p>\n<p>&nbsp;<\/p>\n<div id='gallery-1' class='gallery galleryid-963 gallery-columns-4 gallery-size-thumbnail'><figure class='gallery-item'>\n\t\t\t<div class='gallery-icon '>\n\t\t\t\t<a href='https:\/\/www.femmesdexpression06.fr\/wp-content\/uploads\/2022\/11\/Affiche_Francis_Gag_19novembre2022.jpeg'>Affiche_Francis_Gag_19novembre2022<\/a>\n\t\t\t<\/div><\/figure><figure class='gallery-item'>\n\t\t\t<div class='gallery-icon '>\n\t\t\t\t<a href='https:\/\/www.femmesdexpression06.fr\/wp-content\/uploads\/2022\/11\/Maman_ma_dit.jpeg'>Maman_m'a_dit<\/a>\n\t\t\t<\/div><\/figure><figure class='gallery-item'>\n\t\t\t<div class='gallery-icon '>\n\t\t\t\t<a href='https:\/\/www.femmesdexpression06.fr\/wp-content\/uploads\/2022\/11\/7af25bab-ca98-4ffa-92ae-90938036cb57.jpg'>Maman_m'a_dit<\/a>\n\t\t\t<\/div><\/figure><figure class='gallery-item'>\n\t\t\t<div class='gallery-icon '>\n\t\t\t\t<a href='https:\/\/www.femmesdexpression06.fr\/wp-content\/uploads\/2022\/11\/9bdd2801-3a65-4765-a168-e2e8739c91a6.jpg'>9bdd2801-3a65-4765-a168-e2e8739c91a6<\/a>\n\t\t\t<\/div><\/figure><figure class='gallery-item'>\n\t\t\t<div class='gallery-icon '>\n\t\t\t\t<a href='https:\/\/www.femmesdexpression06.fr\/wp-content\/uploads\/2022\/11\/18cff1bc-08f8-4199-8c1f-f25acacaf923.jpg'>18cff1bc-08f8-4199-8c1f-f25acacaf923<\/a>\n\t\t\t<\/div><\/figure><figure class='gallery-item'>\n\t\t\t<div class='gallery-icon '>\n\t\t\t\t<a href='https:\/\/www.femmesdexpression06.fr\/wp-content\/uploads\/2022\/11\/714dbed1-d27d-4f90-9db6-af5748bd9fff.jpg'>714dbed1-d27d-4f90-9db6-af5748bd9fff<\/a>\n\t\t\t<\/div><\/figure><figure class='gallery-item'>\n\t\t\t<div class='gallery-icon '>\n\t\t\t\t<a href='https:\/\/www.femmesdexpression06.fr\/wp-content\/uploads\/2022\/11\/9255aa6c-2d0d-4323-a8e6-ab3923913e8f.jpg'>9255aa6c-2d0d-4323-a8e6-ab3923913e8f<\/a>\n\t\t\t<\/div><\/figure><figure class='gallery-item'>\n\t\t\t<div class='gallery-icon '>\n\t\t\t\t<a href='https:\/\/www.femmesdexpression06.fr\/wp-content\/uploads\/2022\/11\/a7ecc83e-8629-4239-a99b-b74d8ec2b8e5.jpg'>theatre_francis_gag<\/a>\n\t\t\t<\/div><\/figure>\n\t\t<\/div>\n\n","protected":false},"excerpt":{"rendered":"<p>Ce samedi 19 novembre 2022, nous avons eu l&#8217;immense bonheur d&#8217;aller applaudir la com\u00e9die &#8220;Maman m&#8217;a dit&#8221; cr\u00e9\u00e9e et interpr\u00e9t\u00e9e par Jean-Marc Selou. Dix com\u00e9diens brillantissimes !!! Auteur : Jean-Marc Selou Artistes : Nathan Bellaiche, Fabien Brayer, Jean Clericy, Magali Comte, Christine de May, Viviane Dumoulin, Ad\u00e8le Descamps, Didier Ritrovato, Edwige Sadoul, Jean-Marc Selou Metteur [&hellip;]<\/p>\n","protected":false},"author":4,"featured_media":0,"comment_status":"closed","ping_status":"open","sticky":false,"template":"","format":"standard","meta":{"footnotes":""},"categories":[],"tags":[],"class_list":["post-963","post","type-post","status-publish","format-standard","hentry"],"_links":{"self":[{"href":"https:\/\/femmesdexpression06.fr\/index.php\/wp-json\/wp\/v2\/posts\/963","targetHints":{"allow":["GET"]}}],"collection":[{"href":"https:\/\/femmesdexpression06.fr\/index.php\/wp-json\/wp\/v2\/posts"}],"about":[{"href":"https:\/\/femmesdexpression06.fr\/index.php\/wp-json\/wp\/v2\/types\/post"}],"author":[{"embeddable":true,"href":"https:\/\/femmesdexpression06.fr\/index.php\/wp-json\/wp\/v2\/users\/4"}],"replies":[{"embeddable":true,"href":"https:\/\/femmesdexpression06.fr\/index.php\/wp-json\/wp\/v2\/comments?post=963"}],"version-history":[{"count":1,"href":"https:\/\/femmesdexpression06.fr\/index.php\/wp-json\/wp\/v2\/posts\/963\/revisions"}],"predecessor-version":[{"id":972,"href":"https:\/\/femmesdexpression06.fr\/index.php\/wp-json\/wp\/v2\/posts\/963\/revisions\/972"}],"wp:attachment":[{"href":"https:\/\/femmesdexpression06.fr\/index.php\/wp-json\/wp\/v2\/media?parent=963"}],"wp:term":[{"taxonomy":"category","embeddable":true,"href":"https:\/\/femmesdexpression06.fr\/index.php\/wp-json\/wp\/v2\/categories?post=963"},{"taxonomy":"post_tag","embeddable":true,"href":"https:\/\/femmesdexpression06.fr\/index.php\/wp-json\/wp\/v2\/tags?post=963"}],"curies":[{"name":"wp","href":"https:\/\/api.w.org\/{rel}","templated":true}]}}