{"id":985,"date":"2022-11-22T13:49:46","date_gmt":"2022-11-22T12:49:46","guid":{"rendered":"http:\/\/www.femmesdexpression06.fr\/?p=985"},"modified":"2022-11-25T14:47:42","modified_gmt":"2022-11-25T13:47:42","slug":"le-21-novembre-2022-_-reunion-de-bureau-lassociation-fait-peau-neuve","status":"publish","type":"post","link":"https:\/\/femmesdexpression06.fr\/index.php\/2022\/11\/22\/le-21-novembre-2022-_-reunion-de-bureau-lassociation-fait-peau-neuve\/","title":{"rendered":"Le 21 novembre 2022 _ R\u00e9union de bureau &#8211; l&#8217;association fait &#8220;peau neuve&#8221; !"},"content":{"rendered":"<p>Ce lundi 21 novembre 2022, le bureau s&#8217;est r\u00e9uni pour parler des nouveaux projets en cours concernant la nouvelle identit\u00e9 visuelle de notre belle association.<\/p>\n<p>Un nouveau logo, une nouvelle identit\u00e9 mis au go\u00fbt du jour&#8230; <strong>L&#8217;association &#8220;Femmes d&#8217;Expression 06&#8221; fait PEAU NEUVE !<\/strong><\/p>\n<blockquote><p>D\u00e9couvrez tr\u00e8s prochainement notre nouveau site Internet et toujours sur la m\u00eame adresse.<\/p><\/blockquote>\n<p>&nbsp;<\/p>\n<div id='gallery-1' class='gallery galleryid-985 gallery-columns-3 gallery-size-thumbnail'><figure class='gallery-item'>\n\t\t\t<div class='gallery-icon '>\n\t\t\t\t<a href='https:\/\/www.femmesdexpression06.fr\/wp-content\/uploads\/2022\/11\/6e99e045-b0cc-4dcc-b288-8e305091e4f8.jpg'>6e99e045-b0cc-4dcc-b288-8e305091e4f8<\/a>\n\t\t\t<\/div><\/figure><figure class='gallery-item'>\n\t\t\t<div class='gallery-icon '>\n\t\t\t\t<a href='https:\/\/www.femmesdexpression06.fr\/wp-content\/uploads\/2022\/11\/e08b76cf-cc9a-4c57-8890-ea90ca52dfca.jpg'>communication_visuelle<\/a>\n\t\t\t<\/div><\/figure><figure class='gallery-item'>\n\t\t\t<div class='gallery-icon '>\n\t\t\t\t<a href='https:\/\/www.femmesdexpression06.fr\/wp-content\/uploads\/2022\/11\/FE06_identite_visuelle.jpg'>FE06_identite_visuelle<\/a>\n\t\t\t<\/div><\/figure>\n\t\t<\/div>\n\n","protected":false},"excerpt":{"rendered":"<p>Ce lundi 21 novembre 2022, le bureau s&#8217;est r\u00e9uni pour parler des nouveaux projets en cours concernant la nouvelle identit\u00e9 visuelle de notre belle association. Un nouveau logo, une nouvelle identit\u00e9 mis au go\u00fbt du jour&#8230; L&#8217;association &#8220;Femmes d&#8217;Expression 06&#8221; fait PEAU NEUVE ! D\u00e9couvrez tr\u00e8s prochainement notre nouveau site Internet et toujours sur la [&hellip;]<\/p>\n","protected":false},"author":4,"featured_media":0,"comment_status":"closed","ping_status":"open","sticky":false,"template":"","format":"standard","meta":{"footnotes":""},"categories":[],"tags":[],"class_list":["post-985","post","type-post","status-publish","format-standard","hentry"],"_links":{"self":[{"href":"https:\/\/femmesdexpression06.fr\/index.php\/wp-json\/wp\/v2\/posts\/985","targetHints":{"allow":["GET"]}}],"collection":[{"href":"https:\/\/femmesdexpression06.fr\/index.php\/wp-json\/wp\/v2\/posts"}],"about":[{"href":"https:\/\/femmesdexpression06.fr\/index.php\/wp-json\/wp\/v2\/types\/post"}],"author":[{"embeddable":true,"href":"https:\/\/femmesdexpression06.fr\/index.php\/wp-json\/wp\/v2\/users\/4"}],"replies":[{"embeddable":true,"href":"https:\/\/femmesdexpression06.fr\/index.php\/wp-json\/wp\/v2\/comments?post=985"}],"version-history":[{"count":2,"href":"https:\/\/femmesdexpression06.fr\/index.php\/wp-json\/wp\/v2\/posts\/985\/revisions"}],"predecessor-version":[{"id":994,"href":"https:\/\/femmesdexpression06.fr\/index.php\/wp-json\/wp\/v2\/posts\/985\/revisions\/994"}],"wp:attachment":[{"href":"https:\/\/femmesdexpression06.fr\/index.php\/wp-json\/wp\/v2\/media?parent=985"}],"wp:term":[{"taxonomy":"category","embeddable":true,"href":"https:\/\/femmesdexpression06.fr\/index.php\/wp-json\/wp\/v2\/categories?post=985"},{"taxonomy":"post_tag","embeddable":true,"href":"https:\/\/femmesdexpression06.fr\/index.php\/wp-json\/wp\/v2\/tags?post=985"}],"curies":[{"name":"wp","href":"https:\/\/api.w.org\/{rel}","templated":true}]}}